{"id":2005,"date":"2022-07-13T11:05:13","date_gmt":"2022-07-13T15:05:13","guid":{"rendered":"https:\/\/infocrep.cssdm.gouv.qc.ca\/enigma\/?p=2005"},"modified":"2022-07-13T13:26:44","modified_gmt":"2022-07-13T17:26:44","slug":"les-communications-au-crep-2","status":"publish","type":"post","link":"https:\/\/infocrep.cssdm.gouv.qc.ca\/enigma\/2022\/07\/13\/les-communications-au-crep-2\/","title":{"rendered":"Les communications au CREP"},"content":{"rendered":"<h2><strong>Vous informer, vous accompagner et vous soutenir<\/strong><\/h2>\n<p>Dans un contexte de travail \u00e0 distance, les enjeux de communication sont grands. Afin de vous tenir inform\u00e9s, de vous accompagner et de vous soutenir dans la r\u00e9alisation de votre mandat, nous mettons \u00e0 votre disposition plusieurs outils\u00a0:<\/p>\n<ul>\n<li>Les communiqu\u00e9s et les bulletins Ici le CREP<\/li>\n<li>Le nouveau portail du CREP<\/li>\n<li>Teams<\/li>\n<\/ul>\n<h2><strong>Communiqu\u00e9s et bulletins Ici le CREP<\/strong><\/h2>\n<p>Vous recevrez par courriel les communiqu\u00e9s et bulletins du CREP o\u00f9 vous retrouverez de l\u2019information administrative et p\u00e9dagogique. Ce sera par ce biais que vous pourrez vous tenir au courant des activit\u00e9s du centre, des r\u00e9ussites de nos \u00e9l\u00e8ves ainsi que des belles r\u00e9alisations avec nos partenaires.<\/p>\n<p>&nbsp;<\/p>\n<h2><strong>Comment acc\u00e9der \u00e0 vos courriels et aux outils Office 365<\/strong><\/h2>\n<p>Rendez-vous \u00e0 cette adresse\u00a0: <span style=\"color: #008080;\"><strong><a style=\"color: #008080;\" href=\"http:\/\/courriel.csdm.qc.ca%0d\">http:\/\/courriel.csdm.qc.ca<\/a><\/strong><\/span><\/p>\n<p><a name=\"_Toc83198667\"><\/a><a name=\"_Toc83192372\"><\/a>Office 365 est un service par applications crois\u00e9es qui aide les personnes \u00e0 passer naturellement d\u2019un outil de collaboration \u00e0 l\u2019autre. Les outils Office 365 (dont Teams et OneDrive) se retrouvent dans la gaufre (petit carr\u00e9 en pointill\u00e9) en haut dans le coin gauche de votre \u00e9cran.<\/p>\n<p><img loading=\"lazy\" decoding=\"async\" class=\"alignnone size-medium wp-image-2018\" src=\"https:\/\/infocrep.cssdm.gouv.qc.ca\/enigma\/wp-content\/uploads\/sites\/5\/2022\/07\/Gaufre_Outlook-300x168.png\" alt=\"\" width=\"300\" height=\"168\" srcset=\"https:\/\/infocrep.cssdm.gouv.qc.ca\/enigma\/wp-content\/uploads\/sites\/5\/2022\/07\/Gaufre_Outlook-300x168.png 300w, https:\/\/infocrep.cssdm.gouv.qc.ca\/enigma\/wp-content\/uploads\/sites\/5\/2022\/07\/Gaufre_Outlook.png 327w\" sizes=\"auto, (max-width: 300px) 100vw, 300px\" \/><\/p>\n<p>&nbsp;<\/p>\n<h2><a name=\"_Toc99433908\"><\/a><strong>Le portail du CREP\u00a0: tout ce dont vous avez besoin au m\u00eame endroit!<\/strong><\/h2>\n<p>C\u2019est l\u2019endroit o\u00f9 vous retrouverez tout ce dont vous avez besoin pour travailler au CREP. Cette plateforme concentre nos\u00a0:<\/p>\n<ul>\n<li>Outils p\u00e9dagogiques tels que:\n<ul>\n<li><span style=\"color: #008080;\"><strong><a style=\"color: #008080;\" href=\"https:\/\/moodlecrep.cssdm.gouv.qc.ca\/login\/index.php\" target=\"_blank\" rel=\"noopener\">Moodle<\/a><\/strong><\/span><\/li>\n<li><a href=\"https:\/\/infocrep.cssdm.gouv.qc.ca\/actionis\/\" target=\"_blank\" rel=\"noopener\"><span style=\"color: #008080;\"><strong>Action CREP<\/strong><\/span><\/a><\/li>\n<li><span style=\"color: #008080;\"><strong><a style=\"color: #008080;\" href=\"https:\/\/moodlecrep.cssdm.gouv.qc.ca\/login\/index.php\" target=\"_blank\" rel=\"noopener\">Rando P\u00e9dago<\/a><\/strong><\/span>, etc.<\/li>\n<\/ul>\n<\/li>\n<li><strong><span style=\"color: #008080;\"><a style=\"color: #008080;\" href=\"https:\/\/infocrep.cssdm.gouv.qc.ca\/enseignants\/espace-doc\/\" target=\"_blank\" rel=\"noopener\">Documents p\u00e9dagogiques et administratifs<\/a><\/span><\/strong><\/li>\n<li>Tutoriels et informations sur les TIC<\/li>\n<li><span style=\"color: #008080;\"><a style=\"color: #008080;\" href=\"https:\/\/infocrep.cssdm.gouv.qc.ca\/prets\/\"><strong>Plateforme de demande de mat\u00e9riel<\/strong><\/a><\/span> (informatique, papeterie, masques de proc\u00e9dure, etc.)<\/li>\n<li><strong><span style=\"color: #008080;\"><a style=\"color: #008080;\" href=\"https:\/\/infocrep.cssdm.gouv.qc.ca\/enseignants\/events\/mois\/\" target=\"_blank\" rel=\"noopener\">Calendrier des activit\u00e9s du CREP<\/a><\/span><\/strong><\/li>\n<li>Coordonn\u00e9es et mandats des membres du personnel<\/li>\n<li>R\u00e9pertoire de nos partenaires et des services qui y sont offerts<\/li>\n<li>Communiqu\u00e9s et bulletins<\/li>\n<\/ul>\n<p>Rendez-vous sur cette page pour acc\u00e9der au portail du CREP :<\/p>\n<h3><span style=\"color: #008080;\"><a style=\"color: #008080;\" href=\"https:\/\/infocrep.cssdm.gouv.qc.ca\/\" target=\"_blank\" rel=\"noopener\"><strong>https:\/\/infocrep.cssdm.gouv.qc.ca\/<\/strong><\/a><\/span><\/h3>\n","protected":false},"excerpt":{"rendered":"<p>Vous informer, vous accompagner et vous soutenir Dans un contexte de travail \u00e0 distance, les enjeux de communication sont grands. Afin de vous tenir inform\u00e9s, de vous accompagner et de vous soutenir dans la&#46;&#46;&#46;<\/p>\n","protected":false},"author":2,"featured_media":0,"comment_status":"closed","ping_status":"open","sticky":false,"template":"","format":"standard","meta":{"footnotes":""},"categories":[60],"tags":[98,75,96,89,95,97,94,76,99],"class_list":["post-2005","post","type-post","status-publish","format-standard","hentry","category-reponse-a-vos-questions-dordre-administratif","tag-action-crep","tag-bulletin-du-crep","tag-calendrier-du-crep","tag-courriels-cssdm","tag-espace-documentation","tag-moodle","tag-outlook","tag-portail-du-crep","tag-rando-pedago"],"yoast_head":"<!-- This site is optimized with the Yoast SEO plugin v24.7 - https:\/\/yoast.com\/wordpress\/plugins\/seo\/ -->\r\n<title>Les communications au CREP - Guide CREP<\/title>\r\n<meta name=\"robots\" content=\"noindex, follow, max-snippet:-1, max-image-preview:large, max-video-preview:-1\" \/>\r\n<meta property=\"og:locale\" content=\"fr_FR\" \/>\r\n<meta property=\"og:type\" content=\"article\" \/>\r\n<meta property=\"og:title\" content=\"Les communications au CREP - Guide CREP\" \/>\r\n<meta property=\"og:description\" content=\"Vous informer, vous accompagner et vous soutenir Dans un contexte de travail \u00e0 distance, les enjeux de communication sont grands. Afin de vous tenir inform\u00e9s, de vous accompagner et de vous soutenir dans la&#046;&#046;&#046;\" \/>\r\n<meta property=\"og:url\" content=\"https:\/\/infocrep.cssdm.gouv.qc.ca\/enigma\/2022\/07\/13\/les-communications-au-crep-2\/\" \/>\r\n<meta property=\"og:site_name\" content=\"Guide CREP\" \/>\r\n<meta property=\"article:published_time\" content=\"2022-07-13T15:05:13+00:00\" \/>\r\n<meta property=\"article:modified_time\" content=\"2022-07-13T17:26:44+00:00\" \/>\r\n<meta property=\"og:image\" content=\"https:\/\/infocrep.cssdm.gouv.qc.ca\/enigma\/wp-content\/uploads\/sites\/5\/2022\/07\/Gaufre_Outlook-300x168.png\" \/>\r\n<meta name=\"author\" content=\"Anick Gagnon\" \/>\r\n<meta name=\"twitter:card\" content=\"summary_large_image\" \/>\r\n<meta name=\"twitter:label1\" content=\"\u00c9crit par\" \/>\n\t<meta name=\"twitter:data1\" content=\"Anick Gagnon\" \/>\n\t<meta name=\"twitter:label2\" content=\"Dur\u00e9e de lecture estim\u00e9e\" \/>\n\t<meta name=\"twitter:data2\" content=\"2 minutes\" \/>\r\n<script type=\"application\/ld+json\" class=\"yoast-schema-graph\">{\"@context\":\"https:\/\/schema.org\",\"@graph\":[{\"@type\":\"Article\",\"@id\":\"https:\/\/infocrep.cssdm.gouv.qc.ca\/enigma\/2022\/07\/13\/les-communications-au-crep-2\/#article\",\"isPartOf\":{\"@id\":\"https:\/\/infocrep.cssdm.gouv.qc.ca\/enigma\/2022\/07\/13\/les-communications-au-crep-2\/\"},\"author\":{\"name\":\"Anick Gagnon\",\"@id\":\"https:\/\/infocrep.cssdm.gouv.qc.ca\/enigma\/#\/schema\/person\/32d4bef5eff46d173044857c5eb91a93\"},\"headline\":\"Les communications au CREP\",\"datePublished\":\"2022-07-13T15:05:13+00:00\",\"dateModified\":\"2022-07-13T17:26:44+00:00\",\"mainEntityOfPage\":{\"@id\":\"https:\/\/infocrep.cssdm.gouv.qc.ca\/enigma\/2022\/07\/13\/les-communications-au-crep-2\/\"},\"wordCount\":308,\"publisher\":{\"@id\":\"https:\/\/infocrep.cssdm.gouv.qc.ca\/enigma\/#organization\"},\"image\":{\"@id\":\"https:\/\/infocrep.cssdm.gouv.qc.ca\/enigma\/2022\/07\/13\/les-communications-au-crep-2\/#primaryimage\"},\"thumbnailUrl\":\"https:\/\/infocrep.cssdm.gouv.qc.ca\/enigma\/wp-content\/uploads\/sites\/5\/2022\/07\/Gaufre_Outlook-300x168.png\",\"keywords\":[\"Action CREP\",\"Bulletin du CREP\",\"Calendrier du CREP\",\"Courriels CSSDM\",\"Espace documentation\",\"Moodle\",\"Outlook\",\"Portail du CREP\",\"Rando P\u00e9dago\"],\"articleSection\":[\"R\u00e9ponse \u00e0 vos questions d'ordre administratif\"],\"inLanguage\":\"fr-FR\"},{\"@type\":\"WebPage\",\"@id\":\"https:\/\/infocrep.cssdm.gouv.qc.ca\/enigma\/2022\/07\/13\/les-communications-au-crep-2\/\",\"url\":\"https:\/\/infocrep.cssdm.gouv.qc.ca\/enigma\/2022\/07\/13\/les-communications-au-crep-2\/\",\"name\":\"Les communications au CREP - Guide CREP\",\"isPartOf\":{\"@id\":\"https:\/\/infocrep.cssdm.gouv.qc.ca\/enigma\/#website\"},\"primaryImageOfPage\":{\"@id\":\"https:\/\/infocrep.cssdm.gouv.qc.ca\/enigma\/2022\/07\/13\/les-communications-au-crep-2\/#primaryimage\"},\"image\":{\"@id\":\"https:\/\/infocrep.cssdm.gouv.qc.ca\/enigma\/2022\/07\/13\/les-communications-au-crep-2\/#primaryimage\"},\"thumbnailUrl\":\"https:\/\/infocrep.cssdm.gouv.qc.ca\/enigma\/wp-content\/uploads\/sites\/5\/2022\/07\/Gaufre_Outlook-300x168.png\",\"datePublished\":\"2022-07-13T15:05:13+00:00\",\"dateModified\":\"2022-07-13T17:26:44+00:00\",\"breadcrumb\":{\"@id\":\"https:\/\/infocrep.cssdm.gouv.qc.ca\/enigma\/2022\/07\/13\/les-communications-au-crep-2\/#breadcrumb\"},\"inLanguage\":\"fr-FR\",\"potentialAction\":[{\"@type\":\"ReadAction\",\"target\":[\"https:\/\/infocrep.cssdm.gouv.qc.ca\/enigma\/2022\/07\/13\/les-communications-au-crep-2\/\"]}]},{\"@type\":\"ImageObject\",\"inLanguage\":\"fr-FR\",\"@id\":\"https:\/\/infocrep.cssdm.gouv.qc.ca\/enigma\/2022\/07\/13\/les-communications-au-crep-2\/#primaryimage\",\"url\":\"https:\/\/infocrep.cssdm.gouv.qc.ca\/enigma\/wp-content\/uploads\/sites\/5\/2022\/07\/Gaufre_Outlook.png\",\"contentUrl\":\"https:\/\/infocrep.cssdm.gouv.qc.ca\/enigma\/wp-content\/uploads\/sites\/5\/2022\/07\/Gaufre_Outlook.png\",\"width\":327,\"height\":183},{\"@type\":\"BreadcrumbList\",\"@id\":\"https:\/\/infocrep.cssdm.gouv.qc.ca\/enigma\/2022\/07\/13\/les-communications-au-crep-2\/#breadcrumb\",\"itemListElement\":[{\"@type\":\"ListItem\",\"position\":1,\"name\":\"Accueil\",\"item\":\"https:\/\/infocrep.cssdm.gouv.qc.ca\/enigma\/\"},{\"@type\":\"ListItem\",\"position\":2,\"name\":\"Les communications au CREP\"}]},{\"@type\":\"WebSite\",\"@id\":\"https:\/\/infocrep.cssdm.gouv.qc.ca\/enigma\/#website\",\"url\":\"https:\/\/infocrep.cssdm.gouv.qc.ca\/enigma\/\",\"name\":\"Guide CREP\",\"description\":\"Guide du personnel du CREP\",\"publisher\":{\"@id\":\"https:\/\/infocrep.cssdm.gouv.qc.ca\/enigma\/#organization\"},\"potentialAction\":[{\"@type\":\"SearchAction\",\"target\":{\"@type\":\"EntryPoint\",\"urlTemplate\":\"https:\/\/infocrep.cssdm.gouv.qc.ca\/enigma\/?s={search_term_string}\"},\"query-input\":{\"@type\":\"PropertyValueSpecification\",\"valueRequired\":true,\"valueName\":\"search_term_string\"}}],\"inLanguage\":\"fr-FR\"},{\"@type\":\"Organization\",\"@id\":\"https:\/\/infocrep.cssdm.gouv.qc.ca\/enigma\/#organization\",\"name\":\"Guide CREP\",\"url\":\"https:\/\/infocrep.cssdm.gouv.qc.ca\/enigma\/\",\"logo\":{\"@type\":\"ImageObject\",\"inLanguage\":\"fr-FR\",\"@id\":\"https:\/\/infocrep.cssdm.gouv.qc.ca\/enigma\/#\/schema\/logo\/image\/\",\"url\":\"https:\/\/infocrep.cssdm.gouv.qc.ca\/enigma\/wp-content\/uploads\/sites\/5\/2022\/10\/cropped-CREP_logo_BLANC_RGB_L-PETIT.png\",\"contentUrl\":\"https:\/\/infocrep.cssdm.gouv.qc.ca\/enigma\/wp-content\/uploads\/sites\/5\/2022\/10\/cropped-CREP_logo_BLANC_RGB_L-PETIT.png\",\"width\":418,\"height\":148,\"caption\":\"Guide CREP\"},\"image\":{\"@id\":\"https:\/\/infocrep.cssdm.gouv.qc.ca\/enigma\/#\/schema\/logo\/image\/\"}},{\"@type\":\"Person\",\"@id\":\"https:\/\/infocrep.cssdm.gouv.qc.ca\/enigma\/#\/schema\/person\/32d4bef5eff46d173044857c5eb91a93\",\"name\":\"Anick Gagnon\",\"image\":{\"@type\":\"ImageObject\",\"inLanguage\":\"fr-FR\",\"@id\":\"https:\/\/infocrep.cssdm.gouv.qc.ca\/enigma\/#\/schema\/person\/image\/\",\"url\":\"https:\/\/secure.gravatar.com\/avatar\/23d1a1d6fdfb2d73dcd442d99bd7d4eb?s=96&d=mm&r=g\",\"contentUrl\":\"https:\/\/secure.gravatar.com\/avatar\/23d1a1d6fdfb2d73dcd442d99bd7d4eb?s=96&d=mm&r=g\",\"caption\":\"Anick Gagnon\"},\"url\":\"https:\/\/infocrep.cssdm.gouv.qc.ca\/enigma\/author\/gagnon-ani\/\"}]}<\/script>\r\n<!-- \/ Yoast SEO plugin. -->","yoast_head_json":{"title":"Les communications au CREP - Guide CREP","robots":{"index":"noindex","follow":"follow","max-snippet":"max-snippet:-1","max-image-preview":"max-image-preview:large","max-video-preview":"max-video-preview:-1"},"og_locale":"fr_FR","og_type":"article","og_title":"Les communications au CREP - Guide CREP","og_description":"Vous informer, vous accompagner et vous soutenir Dans un contexte de travail \u00e0 distance, les enjeux de communication sont grands. Afin de vous tenir inform\u00e9s, de vous accompagner et de vous soutenir dans la&#46;&#46;&#46;","og_url":"https:\/\/infocrep.cssdm.gouv.qc.ca\/enigma\/2022\/07\/13\/les-communications-au-crep-2\/","og_site_name":"Guide CREP","article_published_time":"2022-07-13T15:05:13+00:00","article_modified_time":"2022-07-13T17:26:44+00:00","og_image":[{"url":"https:\/\/infocrep.cssdm.gouv.qc.ca\/enigma\/wp-content\/uploads\/sites\/5\/2022\/07\/Gaufre_Outlook-300x168.png","type":"","width":"","height":""}],"author":"Anick Gagnon","twitter_card":"summary_large_image","twitter_misc":{"\u00c9crit par":"Anick Gagnon","Dur\u00e9e de lecture estim\u00e9e":"2 minutes"},"schema":{"@context":"https:\/\/schema.org","@graph":[{"@type":"Article","@id":"https:\/\/infocrep.cssdm.gouv.qc.ca\/enigma\/2022\/07\/13\/les-communications-au-crep-2\/#article","isPartOf":{"@id":"https:\/\/infocrep.cssdm.gouv.qc.ca\/enigma\/2022\/07\/13\/les-communications-au-crep-2\/"},"author":{"name":"Anick Gagnon","@id":"https:\/\/infocrep.cssdm.gouv.qc.ca\/enigma\/#\/schema\/person\/32d4bef5eff46d173044857c5eb91a93"},"headline":"Les communications au CREP","datePublished":"2022-07-13T15:05:13+00:00","dateModified":"2022-07-13T17:26:44+00:00","mainEntityOfPage":{"@id":"https:\/\/infocrep.cssdm.gouv.qc.ca\/enigma\/2022\/07\/13\/les-communications-au-crep-2\/"},"wordCount":308,"publisher":{"@id":"https:\/\/infocrep.cssdm.gouv.qc.ca\/enigma\/#organization"},"image":{"@id":"https:\/\/infocrep.cssdm.gouv.qc.ca\/enigma\/2022\/07\/13\/les-communications-au-crep-2\/#primaryimage"},"thumbnailUrl":"https:\/\/infocrep.cssdm.gouv.qc.ca\/enigma\/wp-content\/uploads\/sites\/5\/2022\/07\/Gaufre_Outlook-300x168.png","keywords":["Action CREP","Bulletin du CREP","Calendrier du CREP","Courriels CSSDM","Espace documentation","Moodle","Outlook","Portail du CREP","Rando P\u00e9dago"],"articleSection":["R\u00e9ponse \u00e0 vos questions d'ordre administratif"],"inLanguage":"fr-FR"},{"@type":"WebPage","@id":"https:\/\/infocrep.cssdm.gouv.qc.ca\/enigma\/2022\/07\/13\/les-communications-au-crep-2\/","url":"https:\/\/infocrep.cssdm.gouv.qc.ca\/enigma\/2022\/07\/13\/les-communications-au-crep-2\/","name":"Les communications au CREP - Guide CREP","isPartOf":{"@id":"https:\/\/infocrep.cssdm.gouv.qc.ca\/enigma\/#website"},"primaryImageOfPage":{"@id":"https:\/\/infocrep.cssdm.gouv.qc.ca\/enigma\/2022\/07\/13\/les-communications-au-crep-2\/#primaryimage"},"image":{"@id":"https:\/\/infocrep.cssdm.gouv.qc.ca\/enigma\/2022\/07\/13\/les-communications-au-crep-2\/#primaryimage"},"thumbnailUrl":"https:\/\/infocrep.cssdm.gouv.qc.ca\/enigma\/wp-content\/uploads\/sites\/5\/2022\/07\/Gaufre_Outlook-300x168.png","datePublished":"2022-07-13T15:05:13+00:00","dateModified":"2022-07-13T17:26:44+00:00","breadcrumb":{"@id":"https:\/\/infocrep.cssdm.gouv.qc.ca\/enigma\/2022\/07\/13\/les-communications-au-crep-2\/#breadcrumb"},"inLanguage":"fr-FR","potentialAction":[{"@type":"ReadAction","target":["https:\/\/infocrep.cssdm.gouv.qc.ca\/enigma\/2022\/07\/13\/les-communications-au-crep-2\/"]}]},{"@type":"ImageObject","inLanguage":"fr-FR","@id":"https:\/\/infocrep.cssdm.gouv.qc.ca\/enigma\/2022\/07\/13\/les-communications-au-crep-2\/#primaryimage","url":"https:\/\/infocrep.cssdm.gouv.qc.ca\/enigma\/wp-content\/uploads\/sites\/5\/2022\/07\/Gaufre_Outlook.png","contentUrl":"https:\/\/infocrep.cssdm.gouv.qc.ca\/enigma\/wp-content\/uploads\/sites\/5\/2022\/07\/Gaufre_Outlook.png","width":327,"height":183},{"@type":"BreadcrumbList","@id":"https:\/\/infocrep.cssdm.gouv.qc.ca\/enigma\/2022\/07\/13\/les-communications-au-crep-2\/#breadcrumb","itemListElement":[{"@type":"ListItem","position":1,"name":"Accueil","item":"https:\/\/infocrep.cssdm.gouv.qc.ca\/enigma\/"},{"@type":"ListItem","position":2,"name":"Les communications au CREP"}]},{"@type":"WebSite","@id":"https:\/\/infocrep.cssdm.gouv.qc.ca\/enigma\/#website","url":"https:\/\/infocrep.cssdm.gouv.qc.ca\/enigma\/","name":"Guide CREP","description":"Guide du personnel du CREP","publisher":{"@id":"https:\/\/infocrep.cssdm.gouv.qc.ca\/enigma\/#organization"},"potentialAction":[{"@type":"SearchAction","target":{"@type":"EntryPoint","urlTemplate":"https:\/\/infocrep.cssdm.gouv.qc.ca\/enigma\/?s={search_term_string}"},"query-input":{"@type":"PropertyValueSpecification","valueRequired":true,"valueName":"search_term_string"}}],"inLanguage":"fr-FR"},{"@type":"Organization","@id":"https:\/\/infocrep.cssdm.gouv.qc.ca\/enigma\/#organization","name":"Guide CREP","url":"https:\/\/infocrep.cssdm.gouv.qc.ca\/enigma\/","logo":{"@type":"ImageObject","inLanguage":"fr-FR","@id":"https:\/\/infocrep.cssdm.gouv.qc.ca\/enigma\/#\/schema\/logo\/image\/","url":"https:\/\/infocrep.cssdm.gouv.qc.ca\/enigma\/wp-content\/uploads\/sites\/5\/2022\/10\/cropped-CREP_logo_BLANC_RGB_L-PETIT.png","contentUrl":"https:\/\/infocrep.cssdm.gouv.qc.ca\/enigma\/wp-content\/uploads\/sites\/5\/2022\/10\/cropped-CREP_logo_BLANC_RGB_L-PETIT.png","width":418,"height":148,"caption":"Guide CREP"},"image":{"@id":"https:\/\/infocrep.cssdm.gouv.qc.ca\/enigma\/#\/schema\/logo\/image\/"}},{"@type":"Person","@id":"https:\/\/infocrep.cssdm.gouv.qc.ca\/enigma\/#\/schema\/person\/32d4bef5eff46d173044857c5eb91a93","name":"Anick Gagnon","image":{"@type":"ImageObject","inLanguage":"fr-FR","@id":"https:\/\/infocrep.cssdm.gouv.qc.ca\/enigma\/#\/schema\/person\/image\/","url":"https:\/\/secure.gravatar.com\/avatar\/23d1a1d6fdfb2d73dcd442d99bd7d4eb?s=96&d=mm&r=g","contentUrl":"https:\/\/secure.gravatar.com\/avatar\/23d1a1d6fdfb2d73dcd442d99bd7d4eb?s=96&d=mm&r=g","caption":"Anick Gagnon"},"url":"https:\/\/infocrep.cssdm.gouv.qc.ca\/enigma\/author\/gagnon-ani\/"}]}},"_links":{"self":[{"href":"https:\/\/infocrep.cssdm.gouv.qc.ca\/enigma\/wp-json\/wp\/v2\/posts\/2005","targetHints":{"allow":["GET"]}}],"collection":[{"href":"https:\/\/infocrep.cssdm.gouv.qc.ca\/enigma\/wp-json\/wp\/v2\/posts"}],"about":[{"href":"https:\/\/infocrep.cssdm.gouv.qc.ca\/enigma\/wp-json\/wp\/v2\/types\/post"}],"author":[{"embeddable":true,"href":"https:\/\/infocrep.cssdm.gouv.qc.ca\/enigma\/wp-json\/wp\/v2\/users\/2"}],"replies":[{"embeddable":true,"href":"https:\/\/infocrep.cssdm.gouv.qc.ca\/enigma\/wp-json\/wp\/v2\/comments?post=2005"}],"version-history":[{"count":3,"href":"https:\/\/infocrep.cssdm.gouv.qc.ca\/enigma\/wp-json\/wp\/v2\/posts\/2005\/revisions"}],"predecessor-version":[{"id":2020,"href":"https:\/\/infocrep.cssdm.gouv.qc.ca\/enigma\/wp-json\/wp\/v2\/posts\/2005\/revisions\/2020"}],"wp:attachment":[{"href":"https:\/\/infocrep.cssdm.gouv.qc.ca\/enigma\/wp-json\/wp\/v2\/media?parent=2005"}],"wp:term":[{"taxonomy":"category","embeddable":true,"href":"https:\/\/infocrep.cssdm.gouv.qc.ca\/enigma\/wp-json\/wp\/v2\/categories?post=2005"},{"taxonomy":"post_tag","embeddable":true,"href":"https:\/\/infocrep.cssdm.gouv.qc.ca\/enigma\/wp-json\/wp\/v2\/tags?post=2005"}],"curies":[{"name":"wp","href":"https:\/\/api.w.org\/{rel}","templated":true}]}}