{"id":2003,"date":"2022-07-13T10:56:06","date_gmt":"2022-07-13T14:56:06","guid":{"rendered":"https:\/\/infocrep.cssdm.gouv.qc.ca\/enigma\/?p=2003"},"modified":"2026-08-10T14:00:06","modified_gmt":"2026-08-10T18:00:06","slug":"comites-2","status":"publish","type":"post","link":"https:\/\/infocrep.cssdm.gouv.qc.ca\/enigma\/2022\/07\/13\/comites-2\/","title":{"rendered":"Les comit\u00e9s du CREP"},"content":{"rendered":"<h2 class=\"PDq2pG_selectionAnchorContainer\" data-section-id=\"1cnhajw\" data-start=\"0\" data-end=\"22\"><\/h2>\n<p data-start=\"24\" data-end=\"238\">Les membres du personnel enseignant ont la possibilit\u00e9 de s\u2019impliquer dans diff\u00e9rents comit\u00e9s du CREP afin de contribuer \u00e0 la vie du centre, \u00e0 l\u2019am\u00e9lioration des pratiques et \u00e0 la r\u00e9alisation de projets collectifs.<\/p>\n<p data-start=\"240\" data-end=\"349\">Les comit\u00e9s propos\u00e9s peuvent varier selon les besoins et les priorit\u00e9s du centre. Ils comprennent notamment :<\/p>\n<ul data-start=\"351\" data-end=\"706\">\n<li data-section-id=\"xevoed\" data-start=\"351\" data-end=\"394\">le Comit\u00e9 de pilotage du projet \u00e9ducatif;<\/li>\n<li data-section-id=\"l4uokx\" data-start=\"395\" data-end=\"466\">le Comit\u00e9 de soutien aux \u00e9l\u00e8ves ayant des besoins particuliers (EBP);<\/li>\n<li data-section-id=\"1arhoov\" data-start=\"467\" data-end=\"511\">le Comit\u00e9 local de perfectionnement (CLP);<\/li>\n<li data-section-id=\"1kuszbu\" data-start=\"512\" data-end=\"541\">le Conseil d\u2019\u00e9tablissement;<\/li>\n<li data-section-id=\"wk9t3m\" data-start=\"542\" data-end=\"637\">le Comit\u00e9 de participation des enseignantes et enseignants aux politiques de l\u2019\u00e9cole (CPEPE);<\/li>\n<li data-section-id=\"7dtcdw\" data-start=\"638\" data-end=\"678\">le Comit\u00e9 climat sain et bienveillant;<\/li>\n<li data-section-id=\"1wy6vrd\" data-start=\"679\" data-end=\"706\">le Comit\u00e9 de rayonnement.<\/li>\n<\/ul>\n<p data-start=\"708\" data-end=\"1023\">Pour consulter la description de chaque comit\u00e9, son mandat ainsi que le nombre d\u2019heures qui lui est associ\u00e9, rendez-vous dans la section <strong>Espace documentation sur le Portail du CREP<\/strong>, puis s\u00e9lectionnez l\u2019onglet <strong data-start=\"914\" data-end=\"933\">Comit\u00e9s au CREP<\/strong>. Il suffit ensuite de cliquer sur le nom du comit\u00e9 pour afficher tous les renseignements.<\/p>\n<p data-start=\"1025\" data-end=\"1238\">Il est possible de signifier votre int\u00e9r\u00eat \u00e0 participer \u00e0 un ou plusieurs comit\u00e9s au d\u00e9but de chaque ann\u00e9e scolaire. Les modalit\u00e9s d\u2019inscription et les besoins de participation sont alors communiqu\u00e9s au personnel.<\/p>\n<p data-start=\"1240\" data-end=\"1276\">Pour consulter les comit\u00e9s du CREP :<\/p>\n<p data-start=\"1278\" data-end=\"1335\" data-is-last-node=\"\" data-is-only-node=\"\"><a class=\"decorated-link\" href=\"https:\/\/infocrep.cssdm.gouv.qc.ca\/enseignants\/espace-doc\/\" target=\"_new\" rel=\"noopener\" data-start=\"1278\" data-end=\"1335\" data-is-last-node=\"\">https:\/\/infocrep.cssdm.gouv.qc.ca\/enseignants\/espace-doc\/<\/a><\/p>\n","protected":false},"excerpt":{"rendered":"<p>Les membres du personnel enseignant ont la possibilit\u00e9 de s\u2019impliquer dans diff\u00e9rents comit\u00e9s du CREP afin de contribuer \u00e0 la vie du centre, \u00e0 l\u2019am\u00e9lioration des pratiques et \u00e0 la r\u00e9alisation de projets collectifs.&#46;&#46;&#46;<\/p>\n","protected":false},"author":2,"featured_media":2496,"comment_status":"closed","ping_status":"open","sticky":false,"template":"","format":"standard","meta":{"footnotes":""},"categories":[116,60],"tags":[],"class_list":["post-2003","post","type-post","status-publish","format-standard","has-post-thumbnail","hentry","category-informations-exclusives-aux-enseignants","category-reponse-a-vos-questions-dordre-administratif"],"yoast_head":"<!-- This site is optimized with the Yoast SEO plugin v24.7 - https:\/\/yoast.com\/wordpress\/plugins\/seo\/ -->\r\n<title>Les comit\u00e9s du CREP - Guide CREP<\/title>\r\n<meta name=\"robots\" content=\"noindex, follow, max-snippet:-1, max-image-preview:large, max-video-preview:-1\" \/>\r\n<meta property=\"og:locale\" content=\"fr_FR\" \/>\r\n<meta property=\"og:type\" content=\"article\" \/>\r\n<meta property=\"og:title\" content=\"Les comit\u00e9s du CREP - Guide CREP\" \/>\r\n<meta property=\"og:description\" content=\"Les membres du personnel enseignant ont la possibilit\u00e9 de s\u2019impliquer dans diff\u00e9rents comit\u00e9s du CREP afin de contribuer \u00e0 la vie du centre, \u00e0 l\u2019am\u00e9lioration des pratiques et \u00e0 la r\u00e9alisation de projets collectifs.&#046;&#046;&#046;\" \/>\r\n<meta property=\"og:url\" content=\"https:\/\/infocrep.cssdm.gouv.qc.ca\/enigma\/2022\/07\/13\/comites-2\/\" \/>\r\n<meta property=\"og:site_name\" content=\"Guide CREP\" \/>\r\n<meta property=\"article:published_time\" content=\"2022-07-13T14:56:06+00:00\" \/>\r\n<meta property=\"article:modified_time\" content=\"2026-08-10T18:00:06+00:00\" \/>\r\n<meta property=\"og:image\" content=\"https:\/\/infocrep.cssdm.gouv.qc.ca\/enigma\/wp-content\/uploads\/sites\/5\/2022\/07\/Capture-decran-2026-08-10-135849.png\" \/>\r\n\t<meta property=\"og:image:width\" content=\"1007\" \/>\r\n\t<meta property=\"og:image:height\" content=\"517\" \/>\r\n\t<meta property=\"og:image:type\" content=\"image\/png\" \/>\r\n<meta name=\"author\" content=\"Anick Gagnon\" \/>\r\n<meta name=\"twitter:card\" content=\"summary_large_image\" \/>\r\n<meta name=\"twitter:label1\" content=\"\u00c9crit par\" \/>\n\t<meta name=\"twitter:data1\" content=\"Anick Gagnon\" \/>\n\t<meta name=\"twitter:label2\" content=\"Dur\u00e9e de lecture estim\u00e9e\" \/>\n\t<meta name=\"twitter:data2\" content=\"2 minutes\" \/>\r\n<script type=\"application\/ld+json\" class=\"yoast-schema-graph\">{\"@context\":\"https:\/\/schema.org\",\"@graph\":[{\"@type\":\"Article\",\"@id\":\"https:\/\/infocrep.cssdm.gouv.qc.ca\/enigma\/2022\/07\/13\/comites-2\/#article\",\"isPartOf\":{\"@id\":\"https:\/\/infocrep.cssdm.gouv.qc.ca\/enigma\/2022\/07\/13\/comites-2\/\"},\"author\":{\"name\":\"Anick Gagnon\",\"@id\":\"https:\/\/infocrep.cssdm.gouv.qc.ca\/enigma\/#\/schema\/person\/32d4bef5eff46d173044857c5eb91a93\"},\"headline\":\"Les comit\u00e9s du CREP\",\"datePublished\":\"2022-07-13T14:56:06+00:00\",\"dateModified\":\"2026-08-10T18:00:06+00:00\",\"mainEntityOfPage\":{\"@id\":\"https:\/\/infocrep.cssdm.gouv.qc.ca\/enigma\/2022\/07\/13\/comites-2\/\"},\"wordCount\":222,\"publisher\":{\"@id\":\"https:\/\/infocrep.cssdm.gouv.qc.ca\/enigma\/#organization\"},\"image\":{\"@id\":\"https:\/\/infocrep.cssdm.gouv.qc.ca\/enigma\/2022\/07\/13\/comites-2\/#primaryimage\"},\"thumbnailUrl\":\"https:\/\/infocrep.cssdm.gouv.qc.ca\/enigma\/wp-content\/uploads\/sites\/5\/2022\/07\/Capture-decran-2026-08-10-135849.png\",\"articleSection\":[\"Informations exclusives aux enseignants\",\"R\u00e9ponse \u00e0 vos questions d'ordre administratif\"],\"inLanguage\":\"fr-FR\"},{\"@type\":\"WebPage\",\"@id\":\"https:\/\/infocrep.cssdm.gouv.qc.ca\/enigma\/2022\/07\/13\/comites-2\/\",\"url\":\"https:\/\/infocrep.cssdm.gouv.qc.ca\/enigma\/2022\/07\/13\/comites-2\/\",\"name\":\"Les comit\u00e9s du CREP - Guide CREP\",\"isPartOf\":{\"@id\":\"https:\/\/infocrep.cssdm.gouv.qc.ca\/enigma\/#website\"},\"primaryImageOfPage\":{\"@id\":\"https:\/\/infocrep.cssdm.gouv.qc.ca\/enigma\/2022\/07\/13\/comites-2\/#primaryimage\"},\"image\":{\"@id\":\"https:\/\/infocrep.cssdm.gouv.qc.ca\/enigma\/2022\/07\/13\/comites-2\/#primaryimage\"},\"thumbnailUrl\":\"https:\/\/infocrep.cssdm.gouv.qc.ca\/enigma\/wp-content\/uploads\/sites\/5\/2022\/07\/Capture-decran-2026-08-10-135849.png\",\"datePublished\":\"2022-07-13T14:56:06+00:00\",\"dateModified\":\"2026-08-10T18:00:06+00:00\",\"breadcrumb\":{\"@id\":\"https:\/\/infocrep.cssdm.gouv.qc.ca\/enigma\/2022\/07\/13\/comites-2\/#breadcrumb\"},\"inLanguage\":\"fr-FR\",\"potentialAction\":[{\"@type\":\"ReadAction\",\"target\":[\"https:\/\/infocrep.cssdm.gouv.qc.ca\/enigma\/2022\/07\/13\/comites-2\/\"]}]},{\"@type\":\"ImageObject\",\"inLanguage\":\"fr-FR\",\"@id\":\"https:\/\/infocrep.cssdm.gouv.qc.ca\/enigma\/2022\/07\/13\/comites-2\/#primaryimage\",\"url\":\"https:\/\/infocrep.cssdm.gouv.qc.ca\/enigma\/wp-content\/uploads\/sites\/5\/2022\/07\/Capture-decran-2026-08-10-135849.png\",\"contentUrl\":\"https:\/\/infocrep.cssdm.gouv.qc.ca\/enigma\/wp-content\/uploads\/sites\/5\/2022\/07\/Capture-decran-2026-08-10-135849.png\",\"width\":1007,\"height\":517},{\"@type\":\"BreadcrumbList\",\"@id\":\"https:\/\/infocrep.cssdm.gouv.qc.ca\/enigma\/2022\/07\/13\/comites-2\/#breadcrumb\",\"itemListElement\":[{\"@type\":\"ListItem\",\"position\":1,\"name\":\"Accueil\",\"item\":\"https:\/\/infocrep.cssdm.gouv.qc.ca\/enigma\/\"},{\"@type\":\"ListItem\",\"position\":2,\"name\":\"Les comit\u00e9s du CREP\"}]},{\"@type\":\"WebSite\",\"@id\":\"https:\/\/infocrep.cssdm.gouv.qc.ca\/enigma\/#website\",\"url\":\"https:\/\/infocrep.cssdm.gouv.qc.ca\/enigma\/\",\"name\":\"Guide CREP\",\"description\":\"Guide du personnel du CREP\",\"publisher\":{\"@id\":\"https:\/\/infocrep.cssdm.gouv.qc.ca\/enigma\/#organization\"},\"potentialAction\":[{\"@type\":\"SearchAction\",\"target\":{\"@type\":\"EntryPoint\",\"urlTemplate\":\"https:\/\/infocrep.cssdm.gouv.qc.ca\/enigma\/?s={search_term_string}\"},\"query-input\":{\"@type\":\"PropertyValueSpecification\",\"valueRequired\":true,\"valueName\":\"search_term_string\"}}],\"inLanguage\":\"fr-FR\"},{\"@type\":\"Organization\",\"@id\":\"https:\/\/infocrep.cssdm.gouv.qc.ca\/enigma\/#organization\",\"name\":\"Guide CREP\",\"url\":\"https:\/\/infocrep.cssdm.gouv.qc.ca\/enigma\/\",\"logo\":{\"@type\":\"ImageObject\",\"inLanguage\":\"fr-FR\",\"@id\":\"https:\/\/infocrep.cssdm.gouv.qc.ca\/enigma\/#\/schema\/logo\/image\/\",\"url\":\"https:\/\/infocrep.cssdm.gouv.qc.ca\/enigma\/wp-content\/uploads\/sites\/5\/2026\/06\/cropped-CREP_CYMK_H.png\",\"contentUrl\":\"https:\/\/infocrep.cssdm.gouv.qc.ca\/enigma\/wp-content\/uploads\/sites\/5\/2026\/06\/cropped-CREP_CYMK_H.png\",\"width\":2284,\"height\":827,\"caption\":\"Guide CREP\"},\"image\":{\"@id\":\"https:\/\/infocrep.cssdm.gouv.qc.ca\/enigma\/#\/schema\/logo\/image\/\"}},{\"@type\":\"Person\",\"@id\":\"https:\/\/infocrep.cssdm.gouv.qc.ca\/enigma\/#\/schema\/person\/32d4bef5eff46d173044857c5eb91a93\",\"name\":\"Anick Gagnon\",\"image\":{\"@type\":\"ImageObject\",\"inLanguage\":\"fr-FR\",\"@id\":\"https:\/\/infocrep.cssdm.gouv.qc.ca\/enigma\/#\/schema\/person\/image\/\",\"url\":\"https:\/\/secure.gravatar.com\/avatar\/23d1a1d6fdfb2d73dcd442d99bd7d4eb?s=96&d=mm&r=g\",\"contentUrl\":\"https:\/\/secure.gravatar.com\/avatar\/23d1a1d6fdfb2d73dcd442d99bd7d4eb?s=96&d=mm&r=g\",\"caption\":\"Anick Gagnon\"},\"url\":\"https:\/\/infocrep.cssdm.gouv.qc.ca\/enigma\/author\/gagnon-ani\/\"}]}<\/script>\r\n<!-- \/ Yoast SEO plugin. -->","yoast_head_json":{"title":"Les comit\u00e9s du CREP - Guide CREP","robots":{"index":"noindex","follow":"follow","max-snippet":"max-snippet:-1","max-image-preview":"max-image-preview:large","max-video-preview":"max-video-preview:-1"},"og_locale":"fr_FR","og_type":"article","og_title":"Les comit\u00e9s du CREP - Guide CREP","og_description":"Les membres du personnel enseignant ont la possibilit\u00e9 de s\u2019impliquer dans diff\u00e9rents comit\u00e9s du CREP afin de contribuer \u00e0 la vie du centre, \u00e0 l\u2019am\u00e9lioration des pratiques et \u00e0 la r\u00e9alisation de projets collectifs.&#46;&#46;&#46;","og_url":"https:\/\/infocrep.cssdm.gouv.qc.ca\/enigma\/2022\/07\/13\/comites-2\/","og_site_name":"Guide CREP","article_published_time":"2022-07-13T14:56:06+00:00","article_modified_time":"2026-08-10T18:00:06+00:00","og_image":[{"width":1007,"height":517,"url":"https:\/\/infocrep.cssdm.gouv.qc.ca\/enigma\/wp-content\/uploads\/sites\/5\/2022\/07\/Capture-decran-2026-08-10-135849.png","type":"image\/png"}],"author":"Anick Gagnon","twitter_card":"summary_large_image","twitter_misc":{"\u00c9crit par":"Anick Gagnon","Dur\u00e9e de lecture estim\u00e9e":"2 minutes"},"schema":{"@context":"https:\/\/schema.org","@graph":[{"@type":"Article","@id":"https:\/\/infocrep.cssdm.gouv.qc.ca\/enigma\/2022\/07\/13\/comites-2\/#article","isPartOf":{"@id":"https:\/\/infocrep.cssdm.gouv.qc.ca\/enigma\/2022\/07\/13\/comites-2\/"},"author":{"name":"Anick Gagnon","@id":"https:\/\/infocrep.cssdm.gouv.qc.ca\/enigma\/#\/schema\/person\/32d4bef5eff46d173044857c5eb91a93"},"headline":"Les comit\u00e9s du CREP","datePublished":"2022-07-13T14:56:06+00:00","dateModified":"2026-08-10T18:00:06+00:00","mainEntityOfPage":{"@id":"https:\/\/infocrep.cssdm.gouv.qc.ca\/enigma\/2022\/07\/13\/comites-2\/"},"wordCount":222,"publisher":{"@id":"https:\/\/infocrep.cssdm.gouv.qc.ca\/enigma\/#organization"},"image":{"@id":"https:\/\/infocrep.cssdm.gouv.qc.ca\/enigma\/2022\/07\/13\/comites-2\/#primaryimage"},"thumbnailUrl":"https:\/\/infocrep.cssdm.gouv.qc.ca\/enigma\/wp-content\/uploads\/sites\/5\/2022\/07\/Capture-decran-2026-08-10-135849.png","articleSection":["Informations exclusives aux enseignants","R\u00e9ponse \u00e0 vos questions d'ordre administratif"],"inLanguage":"fr-FR"},{"@type":"WebPage","@id":"https:\/\/infocrep.cssdm.gouv.qc.ca\/enigma\/2022\/07\/13\/comites-2\/","url":"https:\/\/infocrep.cssdm.gouv.qc.ca\/enigma\/2022\/07\/13\/comites-2\/","name":"Les comit\u00e9s du CREP - Guide CREP","isPartOf":{"@id":"https:\/\/infocrep.cssdm.gouv.qc.ca\/enigma\/#website"},"primaryImageOfPage":{"@id":"https:\/\/infocrep.cssdm.gouv.qc.ca\/enigma\/2022\/07\/13\/comites-2\/#primaryimage"},"image":{"@id":"https:\/\/infocrep.cssdm.gouv.qc.ca\/enigma\/2022\/07\/13\/comites-2\/#primaryimage"},"thumbnailUrl":"https:\/\/infocrep.cssdm.gouv.qc.ca\/enigma\/wp-content\/uploads\/sites\/5\/2022\/07\/Capture-decran-2026-08-10-135849.png","datePublished":"2022-07-13T14:56:06+00:00","dateModified":"2026-08-10T18:00:06+00:00","breadcrumb":{"@id":"https:\/\/infocrep.cssdm.gouv.qc.ca\/enigma\/2022\/07\/13\/comites-2\/#breadcrumb"},"inLanguage":"fr-FR","potentialAction":[{"@type":"ReadAction","target":["https:\/\/infocrep.cssdm.gouv.qc.ca\/enigma\/2022\/07\/13\/comites-2\/"]}]},{"@type":"ImageObject","inLanguage":"fr-FR","@id":"https:\/\/infocrep.cssdm.gouv.qc.ca\/enigma\/2022\/07\/13\/comites-2\/#primaryimage","url":"https:\/\/infocrep.cssdm.gouv.qc.ca\/enigma\/wp-content\/uploads\/sites\/5\/2022\/07\/Capture-decran-2026-08-10-135849.png","contentUrl":"https:\/\/infocrep.cssdm.gouv.qc.ca\/enigma\/wp-content\/uploads\/sites\/5\/2022\/07\/Capture-decran-2026-08-10-135849.png","width":1007,"height":517},{"@type":"BreadcrumbList","@id":"https:\/\/infocrep.cssdm.gouv.qc.ca\/enigma\/2022\/07\/13\/comites-2\/#breadcrumb","itemListElement":[{"@type":"ListItem","position":1,"name":"Accueil","item":"https:\/\/infocrep.cssdm.gouv.qc.ca\/enigma\/"},{"@type":"ListItem","position":2,"name":"Les comit\u00e9s du CREP"}]},{"@type":"WebSite","@id":"https:\/\/infocrep.cssdm.gouv.qc.ca\/enigma\/#website","url":"https:\/\/infocrep.cssdm.gouv.qc.ca\/enigma\/","name":"Guide CREP","description":"Guide du personnel du CREP","publisher":{"@id":"https:\/\/infocrep.cssdm.gouv.qc.ca\/enigma\/#organization"},"potentialAction":[{"@type":"SearchAction","target":{"@type":"EntryPoint","urlTemplate":"https:\/\/infocrep.cssdm.gouv.qc.ca\/enigma\/?s={search_term_string}"},"query-input":{"@type":"PropertyValueSpecification","valueRequired":true,"valueName":"search_term_string"}}],"inLanguage":"fr-FR"},{"@type":"Organization","@id":"https:\/\/infocrep.cssdm.gouv.qc.ca\/enigma\/#organization","name":"Guide CREP","url":"https:\/\/infocrep.cssdm.gouv.qc.ca\/enigma\/","logo":{"@type":"ImageObject","inLanguage":"fr-FR","@id":"https:\/\/infocrep.cssdm.gouv.qc.ca\/enigma\/#\/schema\/logo\/image\/","url":"https:\/\/infocrep.cssdm.gouv.qc.ca\/enigma\/wp-content\/uploads\/sites\/5\/2026\/06\/cropped-CREP_CYMK_H.png","contentUrl":"https:\/\/infocrep.cssdm.gouv.qc.ca\/enigma\/wp-content\/uploads\/sites\/5\/2026\/06\/cropped-CREP_CYMK_H.png","width":2284,"height":827,"caption":"Guide CREP"},"image":{"@id":"https:\/\/infocrep.cssdm.gouv.qc.ca\/enigma\/#\/schema\/logo\/image\/"}},{"@type":"Person","@id":"https:\/\/infocrep.cssdm.gouv.qc.ca\/enigma\/#\/schema\/person\/32d4bef5eff46d173044857c5eb91a93","name":"Anick Gagnon","image":{"@type":"ImageObject","inLanguage":"fr-FR","@id":"https:\/\/infocrep.cssdm.gouv.qc.ca\/enigma\/#\/schema\/person\/image\/","url":"https:\/\/secure.gravatar.com\/avatar\/23d1a1d6fdfb2d73dcd442d99bd7d4eb?s=96&d=mm&r=g","contentUrl":"https:\/\/secure.gravatar.com\/avatar\/23d1a1d6fdfb2d73dcd442d99bd7d4eb?s=96&d=mm&r=g","caption":"Anick Gagnon"},"url":"https:\/\/infocrep.cssdm.gouv.qc.ca\/enigma\/author\/gagnon-ani\/"}]}},"_links":{"self":[{"href":"https:\/\/infocrep.cssdm.gouv.qc.ca\/enigma\/wp-json\/wp\/v2\/posts\/2003","targetHints":{"allow":["GET"]}}],"collection":[{"href":"https:\/\/infocrep.cssdm.gouv.qc.ca\/enigma\/wp-json\/wp\/v2\/posts"}],"about":[{"href":"https:\/\/infocrep.cssdm.gouv.qc.ca\/enigma\/wp-json\/wp\/v2\/types\/post"}],"author":[{"embeddable":true,"href":"https:\/\/infocrep.cssdm.gouv.qc.ca\/enigma\/wp-json\/wp\/v2\/users\/2"}],"replies":[{"embeddable":true,"href":"https:\/\/infocrep.cssdm.gouv.qc.ca\/enigma\/wp-json\/wp\/v2\/comments?post=2003"}],"version-history":[{"count":3,"href":"https:\/\/infocrep.cssdm.gouv.qc.ca\/enigma\/wp-json\/wp\/v2\/posts\/2003\/revisions"}],"predecessor-version":[{"id":2479,"href":"https:\/\/infocrep.cssdm.gouv.qc.ca\/enigma\/wp-json\/wp\/v2\/posts\/2003\/revisions\/2479"}],"wp:featuredmedia":[{"embeddable":true,"href":"https:\/\/infocrep.cssdm.gouv.qc.ca\/enigma\/wp-json\/wp\/v2\/media\/2496"}],"wp:attachment":[{"href":"https:\/\/infocrep.cssdm.gouv.qc.ca\/enigma\/wp-json\/wp\/v2\/media?parent=2003"}],"wp:term":[{"taxonomy":"category","embeddable":true,"href":"https:\/\/infocrep.cssdm.gouv.qc.ca\/enigma\/wp-json\/wp\/v2\/categories?post=2003"},{"taxonomy":"post_tag","embeddable":true,"href":"https:\/\/infocrep.cssdm.gouv.qc.ca\/enigma\/wp-json\/wp\/v2\/tags?post=2003"}],"curies":[{"name":"wp","href":"https:\/\/api.w.org\/{rel}","templated":true}]}}