{"id":1976,"date":"2022-07-12T15:44:53","date_gmt":"2022-07-12T19:44:53","guid":{"rendered":"https:\/\/infocrep.cssdm.gouv.qc.ca\/enigma\/?p=1976"},"modified":"2024-09-13T11:04:00","modified_gmt":"2024-09-13T15:04:00","slug":"sanction-des-eleves","status":"publish","type":"post","link":"https:\/\/infocrep.cssdm.gouv.qc.ca\/enigma\/2022\/07\/12\/sanction-des-eleves\/","title":{"rendered":"Sanction des \u00e9l\u00e8ves"},"content":{"rendered":"<h2><span data-teams=\"true\"><span class=\"ui-provider a b c d e f g h i j k l m n o p q r s t u v w x y z ab ac ae af ag ah ai aj ak\" dir=\"ltr\">Proc\u00e9dure pour les demandes de test de classement et d\u2019examen<\/span><\/span><\/h2>\n<p>Pour certains services d\u2019enseignement, la sanction est requise pour que le Minist\u00e8re de l\u2019\u00c9ducation puisse \u00e9mettre un relev\u00e9 de notes officiel. Il est important de suivre les proc\u00e9dures pr\u00e9par\u00e9es par l\u2019organisation scolaire, selon le programme d\u2019enseignement.<\/p>\n<p>Programmes d\u2019enseignement concern\u00e9s :<\/p>\n<ul>\n<li><em>Francisation, ISP, fran\u00e7ais, math\u00e9matiques<\/em><\/li>\n<\/ul>\n<p>\u00a0<\/p>\n\n\n<div data-wp-interactive=\"core\/file\" class=\"wp-block-file\"><object data-wp-bind--hidden=\"!state.hasPdfPreview\" hidden class=\"wp-block-file__embed\" data=\"https:\/\/infocrep.cssdm.gouv.qc.ca\/enigma\/wp-content\/uploads\/sites\/5\/2024\/09\/PROCEDURE-POUR-LES-DEMANDES-DEXAMENS3_V.5_13_09_24.pdf\" type=\"application\/pdf\" style=\"width:100%;height:600px\" aria-label=\"Contenu embarqu\u00e9 PROCEDURE-POUR-LES-DEMANDES-DEXAMENS3_V.5_13_09_24.\"><\/object><a id=\"wp-block-file--media-f0c9e074-d493-413b-8132-29e0eca2ecb0\" href=\"https:\/\/infocrep.cssdm.gouv.qc.ca\/enigma\/wp-content\/uploads\/sites\/5\/2024\/09\/PROCEDURE-POUR-LES-DEMANDES-DEXAMENS3_V.5_13_09_24.pdf\">PROCEDURE-POUR-LES-DEMANDES-DEXAMENS3_V.5_13_09_24<\/a><a href=\"https:\/\/infocrep.cssdm.gouv.qc.ca\/enigma\/wp-content\/uploads\/sites\/5\/2024\/09\/PROCEDURE-POUR-LES-DEMANDES-DEXAMENS3_V.5_13_09_24.pdf\" class=\"wp-block-file__button wp-element-button\" download aria-describedby=\"wp-block-file--media-f0c9e074-d493-413b-8132-29e0eca2ecb0\">T\u00e9l\u00e9charger<\/a><\/div>\n","protected":false},"excerpt":{"rendered":"<p>Proc\u00e9dure pour les demandes de test de classement et d\u2019examen Pour certains services d\u2019enseignement, la sanction est requise pour que le Minist\u00e8re de l\u2019\u00c9ducation puisse \u00e9mettre un relev\u00e9 de notes officiel. Il est important&#46;&#46;&#46;<\/p>\n","protected":false},"author":2,"featured_media":0,"comment_status":"closed","ping_status":"open","sticky":false,"template":"","format":"standard","meta":{"footnotes":""},"categories":[51],"tags":[58,88],"class_list":["post-1976","post","type-post","status-publish","format-standard","hentry","category-organisation-scolaire-ce-que-vous-devez-savoir","tag-correction-des-examens","tag-demande-dexamen"],"yoast_head":"<!-- This site is optimized with the Yoast SEO plugin v24.7 - https:\/\/yoast.com\/wordpress\/plugins\/seo\/ -->\r\n<title>Sanction des \u00e9l\u00e8ves - Guide CREP<\/title>\r\n<meta name=\"robots\" content=\"noindex, follow, max-snippet:-1, max-image-preview:large, max-video-preview:-1\" \/>\r\n<meta property=\"og:locale\" content=\"fr_FR\" \/>\r\n<meta property=\"og:type\" content=\"article\" \/>\r\n<meta property=\"og:title\" content=\"Sanction des \u00e9l\u00e8ves - Guide CREP\" \/>\r\n<meta property=\"og:description\" content=\"Proc\u00e9dure pour les demandes de test de classement et d\u2019examen Pour certains services d\u2019enseignement, la sanction est requise pour que le Minist\u00e8re de l\u2019\u00c9ducation puisse \u00e9mettre un relev\u00e9 de notes officiel. Il est important&#046;&#046;&#046;\" \/>\r\n<meta property=\"og:url\" content=\"https:\/\/infocrep.cssdm.gouv.qc.ca\/enigma\/2022\/07\/12\/sanction-des-eleves\/\" \/>\r\n<meta property=\"og:site_name\" content=\"Guide CREP\" \/>\r\n<meta property=\"article:published_time\" content=\"2022-07-12T19:44:53+00:00\" \/>\r\n<meta property=\"article:modified_time\" content=\"2024-09-13T15:04:00+00:00\" \/>\r\n<meta name=\"author\" content=\"Anick Gagnon\" \/>\r\n<meta name=\"twitter:card\" content=\"summary_large_image\" \/>\r\n<meta name=\"twitter:label1\" content=\"\u00c9crit par\" \/>\n\t<meta name=\"twitter:data1\" content=\"Anick Gagnon\" \/>\n\t<meta name=\"twitter:label2\" content=\"Dur\u00e9e de lecture estim\u00e9e\" \/>\n\t<meta name=\"twitter:data2\" content=\"1 minute\" \/>\r\n<script type=\"application\/ld+json\" class=\"yoast-schema-graph\">{\"@context\":\"https:\/\/schema.org\",\"@graph\":[{\"@type\":\"Article\",\"@id\":\"https:\/\/infocrep.cssdm.gouv.qc.ca\/enigma\/2022\/07\/12\/sanction-des-eleves\/#article\",\"isPartOf\":{\"@id\":\"https:\/\/infocrep.cssdm.gouv.qc.ca\/enigma\/2022\/07\/12\/sanction-des-eleves\/\"},\"author\":{\"name\":\"Anick Gagnon\",\"@id\":\"https:\/\/infocrep.cssdm.gouv.qc.ca\/enigma\/#\/schema\/person\/32d4bef5eff46d173044857c5eb91a93\"},\"headline\":\"Sanction des \u00e9l\u00e8ves\",\"datePublished\":\"2022-07-12T19:44:53+00:00\",\"dateModified\":\"2024-09-13T15:04:00+00:00\",\"mainEntityOfPage\":{\"@id\":\"https:\/\/infocrep.cssdm.gouv.qc.ca\/enigma\/2022\/07\/12\/sanction-des-eleves\/\"},\"wordCount\":76,\"publisher\":{\"@id\":\"https:\/\/infocrep.cssdm.gouv.qc.ca\/enigma\/#organization\"},\"keywords\":[\"Correction des examens\",\"Demande d'examen\"],\"articleSection\":[\"Organisation scolaire: ce que vous devez savoir\"],\"inLanguage\":\"fr-FR\"},{\"@type\":\"WebPage\",\"@id\":\"https:\/\/infocrep.cssdm.gouv.qc.ca\/enigma\/2022\/07\/12\/sanction-des-eleves\/\",\"url\":\"https:\/\/infocrep.cssdm.gouv.qc.ca\/enigma\/2022\/07\/12\/sanction-des-eleves\/\",\"name\":\"Sanction des \u00e9l\u00e8ves - Guide CREP\",\"isPartOf\":{\"@id\":\"https:\/\/infocrep.cssdm.gouv.qc.ca\/enigma\/#website\"},\"datePublished\":\"2022-07-12T19:44:53+00:00\",\"dateModified\":\"2024-09-13T15:04:00+00:00\",\"breadcrumb\":{\"@id\":\"https:\/\/infocrep.cssdm.gouv.qc.ca\/enigma\/2022\/07\/12\/sanction-des-eleves\/#breadcrumb\"},\"inLanguage\":\"fr-FR\",\"potentialAction\":[{\"@type\":\"ReadAction\",\"target\":[\"https:\/\/infocrep.cssdm.gouv.qc.ca\/enigma\/2022\/07\/12\/sanction-des-eleves\/\"]}]},{\"@type\":\"BreadcrumbList\",\"@id\":\"https:\/\/infocrep.cssdm.gouv.qc.ca\/enigma\/2022\/07\/12\/sanction-des-eleves\/#breadcrumb\",\"itemListElement\":[{\"@type\":\"ListItem\",\"position\":1,\"name\":\"Accueil\",\"item\":\"https:\/\/infocrep.cssdm.gouv.qc.ca\/enigma\/\"},{\"@type\":\"ListItem\",\"position\":2,\"name\":\"Sanction des \u00e9l\u00e8ves\"}]},{\"@type\":\"WebSite\",\"@id\":\"https:\/\/infocrep.cssdm.gouv.qc.ca\/enigma\/#website\",\"url\":\"https:\/\/infocrep.cssdm.gouv.qc.ca\/enigma\/\",\"name\":\"Guide CREP\",\"description\":\"Guide du personnel du CREP\",\"publisher\":{\"@id\":\"https:\/\/infocrep.cssdm.gouv.qc.ca\/enigma\/#organization\"},\"potentialAction\":[{\"@type\":\"SearchAction\",\"target\":{\"@type\":\"EntryPoint\",\"urlTemplate\":\"https:\/\/infocrep.cssdm.gouv.qc.ca\/enigma\/?s={search_term_string}\"},\"query-input\":{\"@type\":\"PropertyValueSpecification\",\"valueRequired\":true,\"valueName\":\"search_term_string\"}}],\"inLanguage\":\"fr-FR\"},{\"@type\":\"Organization\",\"@id\":\"https:\/\/infocrep.cssdm.gouv.qc.ca\/enigma\/#organization\",\"name\":\"Guide CREP\",\"url\":\"https:\/\/infocrep.cssdm.gouv.qc.ca\/enigma\/\",\"logo\":{\"@type\":\"ImageObject\",\"inLanguage\":\"fr-FR\",\"@id\":\"https:\/\/infocrep.cssdm.gouv.qc.ca\/enigma\/#\/schema\/logo\/image\/\",\"url\":\"https:\/\/infocrep.cssdm.gouv.qc.ca\/enigma\/wp-content\/uploads\/sites\/5\/2022\/10\/cropped-CREP_logo_BLANC_RGB_L-PETIT.png\",\"contentUrl\":\"https:\/\/infocrep.cssdm.gouv.qc.ca\/enigma\/wp-content\/uploads\/sites\/5\/2022\/10\/cropped-CREP_logo_BLANC_RGB_L-PETIT.png\",\"width\":418,\"height\":148,\"caption\":\"Guide CREP\"},\"image\":{\"@id\":\"https:\/\/infocrep.cssdm.gouv.qc.ca\/enigma\/#\/schema\/logo\/image\/\"}},{\"@type\":\"Person\",\"@id\":\"https:\/\/infocrep.cssdm.gouv.qc.ca\/enigma\/#\/schema\/person\/32d4bef5eff46d173044857c5eb91a93\",\"name\":\"Anick Gagnon\",\"image\":{\"@type\":\"ImageObject\",\"inLanguage\":\"fr-FR\",\"@id\":\"https:\/\/infocrep.cssdm.gouv.qc.ca\/enigma\/#\/schema\/person\/image\/\",\"url\":\"https:\/\/secure.gravatar.com\/avatar\/23d1a1d6fdfb2d73dcd442d99bd7d4eb?s=96&d=mm&r=g\",\"contentUrl\":\"https:\/\/secure.gravatar.com\/avatar\/23d1a1d6fdfb2d73dcd442d99bd7d4eb?s=96&d=mm&r=g\",\"caption\":\"Anick Gagnon\"},\"url\":\"https:\/\/infocrep.cssdm.gouv.qc.ca\/enigma\/author\/gagnon-ani\/\"}]}<\/script>\r\n<!-- \/ Yoast SEO plugin. -->","yoast_head_json":{"title":"Sanction des \u00e9l\u00e8ves - Guide CREP","robots":{"index":"noindex","follow":"follow","max-snippet":"max-snippet:-1","max-image-preview":"max-image-preview:large","max-video-preview":"max-video-preview:-1"},"og_locale":"fr_FR","og_type":"article","og_title":"Sanction des \u00e9l\u00e8ves - Guide CREP","og_description":"Proc\u00e9dure pour les demandes de test de classement et d\u2019examen Pour certains services d\u2019enseignement, la sanction est requise pour que le Minist\u00e8re de l\u2019\u00c9ducation puisse \u00e9mettre un relev\u00e9 de notes officiel. Il est important&#46;&#46;&#46;","og_url":"https:\/\/infocrep.cssdm.gouv.qc.ca\/enigma\/2022\/07\/12\/sanction-des-eleves\/","og_site_name":"Guide CREP","article_published_time":"2022-07-12T19:44:53+00:00","article_modified_time":"2024-09-13T15:04:00+00:00","author":"Anick Gagnon","twitter_card":"summary_large_image","twitter_misc":{"\u00c9crit par":"Anick Gagnon","Dur\u00e9e de lecture estim\u00e9e":"1 minute"},"schema":{"@context":"https:\/\/schema.org","@graph":[{"@type":"Article","@id":"https:\/\/infocrep.cssdm.gouv.qc.ca\/enigma\/2022\/07\/12\/sanction-des-eleves\/#article","isPartOf":{"@id":"https:\/\/infocrep.cssdm.gouv.qc.ca\/enigma\/2022\/07\/12\/sanction-des-eleves\/"},"author":{"name":"Anick Gagnon","@id":"https:\/\/infocrep.cssdm.gouv.qc.ca\/enigma\/#\/schema\/person\/32d4bef5eff46d173044857c5eb91a93"},"headline":"Sanction des \u00e9l\u00e8ves","datePublished":"2022-07-12T19:44:53+00:00","dateModified":"2024-09-13T15:04:00+00:00","mainEntityOfPage":{"@id":"https:\/\/infocrep.cssdm.gouv.qc.ca\/enigma\/2022\/07\/12\/sanction-des-eleves\/"},"wordCount":76,"publisher":{"@id":"https:\/\/infocrep.cssdm.gouv.qc.ca\/enigma\/#organization"},"keywords":["Correction des examens","Demande d'examen"],"articleSection":["Organisation scolaire: ce que vous devez savoir"],"inLanguage":"fr-FR"},{"@type":"WebPage","@id":"https:\/\/infocrep.cssdm.gouv.qc.ca\/enigma\/2022\/07\/12\/sanction-des-eleves\/","url":"https:\/\/infocrep.cssdm.gouv.qc.ca\/enigma\/2022\/07\/12\/sanction-des-eleves\/","name":"Sanction des \u00e9l\u00e8ves - Guide CREP","isPartOf":{"@id":"https:\/\/infocrep.cssdm.gouv.qc.ca\/enigma\/#website"},"datePublished":"2022-07-12T19:44:53+00:00","dateModified":"2024-09-13T15:04:00+00:00","breadcrumb":{"@id":"https:\/\/infocrep.cssdm.gouv.qc.ca\/enigma\/2022\/07\/12\/sanction-des-eleves\/#breadcrumb"},"inLanguage":"fr-FR","potentialAction":[{"@type":"ReadAction","target":["https:\/\/infocrep.cssdm.gouv.qc.ca\/enigma\/2022\/07\/12\/sanction-des-eleves\/"]}]},{"@type":"BreadcrumbList","@id":"https:\/\/infocrep.cssdm.gouv.qc.ca\/enigma\/2022\/07\/12\/sanction-des-eleves\/#breadcrumb","itemListElement":[{"@type":"ListItem","position":1,"name":"Accueil","item":"https:\/\/infocrep.cssdm.gouv.qc.ca\/enigma\/"},{"@type":"ListItem","position":2,"name":"Sanction des \u00e9l\u00e8ves"}]},{"@type":"WebSite","@id":"https:\/\/infocrep.cssdm.gouv.qc.ca\/enigma\/#website","url":"https:\/\/infocrep.cssdm.gouv.qc.ca\/enigma\/","name":"Guide CREP","description":"Guide du personnel du CREP","publisher":{"@id":"https:\/\/infocrep.cssdm.gouv.qc.ca\/enigma\/#organization"},"potentialAction":[{"@type":"SearchAction","target":{"@type":"EntryPoint","urlTemplate":"https:\/\/infocrep.cssdm.gouv.qc.ca\/enigma\/?s={search_term_string}"},"query-input":{"@type":"PropertyValueSpecification","valueRequired":true,"valueName":"search_term_string"}}],"inLanguage":"fr-FR"},{"@type":"Organization","@id":"https:\/\/infocrep.cssdm.gouv.qc.ca\/enigma\/#organization","name":"Guide CREP","url":"https:\/\/infocrep.cssdm.gouv.qc.ca\/enigma\/","logo":{"@type":"ImageObject","inLanguage":"fr-FR","@id":"https:\/\/infocrep.cssdm.gouv.qc.ca\/enigma\/#\/schema\/logo\/image\/","url":"https:\/\/infocrep.cssdm.gouv.qc.ca\/enigma\/wp-content\/uploads\/sites\/5\/2022\/10\/cropped-CREP_logo_BLANC_RGB_L-PETIT.png","contentUrl":"https:\/\/infocrep.cssdm.gouv.qc.ca\/enigma\/wp-content\/uploads\/sites\/5\/2022\/10\/cropped-CREP_logo_BLANC_RGB_L-PETIT.png","width":418,"height":148,"caption":"Guide CREP"},"image":{"@id":"https:\/\/infocrep.cssdm.gouv.qc.ca\/enigma\/#\/schema\/logo\/image\/"}},{"@type":"Person","@id":"https:\/\/infocrep.cssdm.gouv.qc.ca\/enigma\/#\/schema\/person\/32d4bef5eff46d173044857c5eb91a93","name":"Anick Gagnon","image":{"@type":"ImageObject","inLanguage":"fr-FR","@id":"https:\/\/infocrep.cssdm.gouv.qc.ca\/enigma\/#\/schema\/person\/image\/","url":"https:\/\/secure.gravatar.com\/avatar\/23d1a1d6fdfb2d73dcd442d99bd7d4eb?s=96&d=mm&r=g","contentUrl":"https:\/\/secure.gravatar.com\/avatar\/23d1a1d6fdfb2d73dcd442d99bd7d4eb?s=96&d=mm&r=g","caption":"Anick Gagnon"},"url":"https:\/\/infocrep.cssdm.gouv.qc.ca\/enigma\/author\/gagnon-ani\/"}]}},"_links":{"self":[{"href":"https:\/\/infocrep.cssdm.gouv.qc.ca\/enigma\/wp-json\/wp\/v2\/posts\/1976","targetHints":{"allow":["GET"]}}],"collection":[{"href":"https:\/\/infocrep.cssdm.gouv.qc.ca\/enigma\/wp-json\/wp\/v2\/posts"}],"about":[{"href":"https:\/\/infocrep.cssdm.gouv.qc.ca\/enigma\/wp-json\/wp\/v2\/types\/post"}],"author":[{"embeddable":true,"href":"https:\/\/infocrep.cssdm.gouv.qc.ca\/enigma\/wp-json\/wp\/v2\/users\/2"}],"replies":[{"embeddable":true,"href":"https:\/\/infocrep.cssdm.gouv.qc.ca\/enigma\/wp-json\/wp\/v2\/comments?post=1976"}],"version-history":[{"count":22,"href":"https:\/\/infocrep.cssdm.gouv.qc.ca\/enigma\/wp-json\/wp\/v2\/posts\/1976\/revisions"}],"predecessor-version":[{"id":2299,"href":"https:\/\/infocrep.cssdm.gouv.qc.ca\/enigma\/wp-json\/wp\/v2\/posts\/1976\/revisions\/2299"}],"wp:attachment":[{"href":"https:\/\/infocrep.cssdm.gouv.qc.ca\/enigma\/wp-json\/wp\/v2\/media?parent=1976"}],"wp:term":[{"taxonomy":"category","embeddable":true,"href":"https:\/\/infocrep.cssdm.gouv.qc.ca\/enigma\/wp-json\/wp\/v2\/categories?post=1976"},{"taxonomy":"post_tag","embeddable":true,"href":"https:\/\/infocrep.cssdm.gouv.qc.ca\/enigma\/wp-json\/wp\/v2\/tags?post=1976"}],"curies":[{"name":"wp","href":"https:\/\/api.w.org\/{rel}","templated":true}]}}