{"id":1955,"date":"2022-07-12T15:05:04","date_gmt":"2022-07-12T19:05:04","guid":{"rendered":"https:\/\/infocrep.cssdm.gouv.qc.ca\/enigma\/?p=1955"},"modified":"2022-09-09T10:28:17","modified_gmt":"2022-09-09T14:28:17","slug":"services-de-lorganisation-scolaire","status":"publish","type":"post","link":"https:\/\/infocrep.cssdm.gouv.qc.ca\/enigma\/2022\/07\/12\/services-de-lorganisation-scolaire\/","title":{"rendered":"Services de l\u2019organisation scolaire"},"content":{"rendered":"<p>Pour toute question, veuillez communiquer avec l\u2019\u00e9quipe de l\u2019organisation scolaire :<\/p>\n<p><strong>Mireille Mendo, Technicienne en organisation scolaire<\/strong><\/p>\n<p><a href=\"mailto:crep.os@csdm.qc.ca\"><strong>crep.os@csdm.qc.ca<\/strong><\/a><\/p>\n<p><strong>514 596-4567 poste 8787<\/strong><\/p>\n<p>Mandats:<\/p>\n<ul>\n<li>S\u2019assurer de la conformit\u00e9 des dossiers d\u2019inscription des \u00e9l\u00e8ves et du bon traitement des donn\u00e9es pour la transmission au minist\u00e8re (aux fins de financement)<\/li>\n<li>Assurer un soutien de qualit\u00e9 aux partenaires, aux enseignants ainsi qu\u2019\u00e0 la direction en ce qui a trait aux questions administratives de l\u2019organisation scolaire<\/li>\n<\/ul>\n<p><strong>\u00a0<\/strong><\/p>\n<p><strong>Nadia Siline, Agente de bureau<\/strong><\/p>\n<p>Mandats:<\/p>\n<ul>\n<li>Faire le suivi de la conformit\u00e9 des dossiers des \u00e9l\u00e8ves avec les organismes<\/li>\n<li>V\u00e9rifier les documents et traiter les donn\u00e9es pour la transmission au minist\u00e8re<\/li>\n<li>Faire le suivi du d\u00e9p\u00f4t des profils de formation<\/li>\n<li>Faire le suivi de la saisie d\u2019assiduit\u00e9<\/li>\n<li>Recevoir et colliger les demandes d\u2019examens et de r\u00e9sultats des \u00e9l\u00e8ves<\/li>\n<li>Recevoir et traiter les demandes d\u2019attestations \u00e0 remettre aux \u00e9l\u00e8ves ainsi que les demandes de lettres de fr\u00e9quentation scolaire<\/li>\n<\/ul>\n<p>&nbsp;<\/p>\n<p><strong>Nadia Moghrani, Agente de bureau<\/strong><\/p>\n<p>Mandats:<\/p>\n<ul>\n<li>Faire le suivi de la conformit\u00e9 des dossiers des \u00e9l\u00e8ves<\/li>\n<li>Faire le suivi de la saisie d\u2019assiduit\u00e9<\/li>\n<li>Recevoir et traiter les demandes d\u2019attestations \u00e0 remettre aux \u00e9l\u00e8ves ainsi que les demandes de lettres de fr\u00e9quentation scolaire<\/li>\n<\/ul>\n<p>&nbsp;<\/p>\n<p><strong>Claudine Morneau-Th\u00e9berge, agente de bureau<\/strong><\/p>\n<p><a href=\"mailto:crep.edupop@csdm.qc.ca\" target=\"_blank\" rel=\"noopener\">crep.edupop@csdm.qc.ca<\/a> (pour le service de l&rsquo;\u00e9ducation populaire)<\/p>\n<p><strong>514 596-4567 poste 4714<\/strong><\/p>\n<p>Mandats:<\/p>\n<ul>\n<li>Faire le suivi de la conformit\u00e9 des dossiers des \u00e9l\u00e8ves pour la transmission au minist\u00e8re<\/li>\n<li>Faire le suivi du d\u00e9p\u00f4t des profils de formation<\/li>\n<li>Faire le suivi de la saisie d\u2019assiduit\u00e9<\/li>\n<li>Recevoir, traiter et colliger les demandes d\u2019examens et de r\u00e9sultats des \u00e9l\u00e8ves<\/li>\n<li>Recevoir et traiter les demandes d\u2019attestations \u00e0 remettre aux \u00e9l\u00e8ves ainsi que les demandes de lettres de fr\u00e9quentation scolaire<\/li>\n<li>Faire la premi\u00e8re ligne pour les demandes de services en \u00c9ducation populaire et en assurer le suivi<\/li>\n<\/ul>\n<p>&nbsp;<\/p>\n<p><strong>Lise Tr\u00e9panier, Technicienne en organisation scolaire (d\u00e9di\u00e9e au carc\u00e9ral)<\/strong><\/p>\n<p><a href=\"mailto:trepanierl@csdm.qc.ca\" target=\"_blank\" rel=\"noopener\">trepanierl@csdm.qc.ca<\/a><\/p>\n<p><strong>514 596-4567 poste 8808<\/strong><\/p>\n<p>Mandats:<\/p>\n<ul>\n<li>Coordonner l\u2019organisation scolaire en milieu carc\u00e9ral (horaire-ma\u00eetre, horaire des \u00e9l\u00e8ves)<\/li>\n<li>Organiser, coordonner les t\u00e2ches administratives et assurer le respect des \u00e9ch\u00e9anciers aupr\u00e8s des enseignants et des personnes-ressources en milieu carc\u00e9ral pour favoriser les inscriptions continues<\/li>\n<li>Assurer la formation et le soutien aux enseignants ainsi qu\u2019\u00e0 l\u2019agente de bureau associ\u00e9e, en ce qui a trait \u00e0 l\u2019organisation scolaire pour le carc\u00e9ral<\/li>\n<li>Faire le suivi de la conformit\u00e9 des dossiers des \u00e9l\u00e8ves pour la transmission au minist\u00e8re<\/li>\n<li>Faire le suivi du d\u00e9p\u00f4t des profils de formation<\/li>\n<li>Faire le suivi de la saisie d\u2019assiduit\u00e9<\/li>\n<li>Recevoir, traiter et colliger les demandes d\u2019examens et de r\u00e9sultats des \u00e9l\u00e8ves<\/li>\n<li>Recevoir et traiter les demandes d\u2019attestations \u00e0 remettre aux \u00e9l\u00e8ves ainsi que les demandes de lettres de fr\u00e9quentation scolaire<\/li>\n<\/ul>\n<p>&nbsp;<\/p>\n","protected":false},"excerpt":{"rendered":"<p>Pour toute question, veuillez communiquer avec l\u2019\u00e9quipe de l\u2019organisation scolaire : Mireille Mendo, Technicienne en organisation scolaire crep.os@csdm.qc.ca 514 596-4567 poste 8787 Mandats: S\u2019assurer de la conformit\u00e9 des dossiers d\u2019inscription des \u00e9l\u00e8ves et du&#46;&#46;&#46;<\/p>\n","protected":false},"author":2,"featured_media":0,"comment_status":"closed","ping_status":"open","sticky":false,"template":"","format":"standard","meta":{"footnotes":""},"categories":[48],"tags":[],"class_list":["post-1955","post","type-post","status-publish","format-standard","hentry","category-lequipe-du-crep-vos-collaborateurs-de-premier-plan"],"yoast_head":"<!-- This site is optimized with the Yoast SEO plugin v24.7 - https:\/\/yoast.com\/wordpress\/plugins\/seo\/ -->\r\n<title>Services de l\u2019organisation scolaire - Guide CREP<\/title>\r\n<meta name=\"robots\" content=\"noindex, follow, max-snippet:-1, max-image-preview:large, max-video-preview:-1\" \/>\r\n<meta property=\"og:locale\" content=\"fr_FR\" \/>\r\n<meta property=\"og:type\" content=\"article\" \/>\r\n<meta property=\"og:title\" content=\"Services de l\u2019organisation scolaire - Guide CREP\" \/>\r\n<meta property=\"og:description\" content=\"Pour toute question, veuillez communiquer avec l\u2019\u00e9quipe de l\u2019organisation scolaire : Mireille Mendo, Technicienne en organisation scolaire crep.os@csdm.qc.ca 514 596-4567 poste 8787 Mandats: S\u2019assurer de la conformit\u00e9 des dossiers d\u2019inscription des \u00e9l\u00e8ves et du&#046;&#046;&#046;\" \/>\r\n<meta property=\"og:url\" content=\"https:\/\/infocrep.cssdm.gouv.qc.ca\/enigma\/2022\/07\/12\/services-de-lorganisation-scolaire\/\" \/>\r\n<meta property=\"og:site_name\" content=\"Guide CREP\" \/>\r\n<meta property=\"article:published_time\" content=\"2022-07-12T19:05:04+00:00\" \/>\r\n<meta property=\"article:modified_time\" content=\"2022-09-09T14:28:17+00:00\" \/>\r\n<meta name=\"author\" content=\"Anick Gagnon\" \/>\r\n<meta name=\"twitter:card\" content=\"summary_large_image\" \/>\r\n<meta name=\"twitter:label1\" content=\"\u00c9crit par\" \/>\n\t<meta name=\"twitter:data1\" content=\"Anick Gagnon\" \/>\n\t<meta name=\"twitter:label2\" content=\"Dur\u00e9e de lecture estim\u00e9e\" \/>\n\t<meta name=\"twitter:data2\" content=\"3 minutes\" \/>\r\n<script type=\"application\/ld+json\" class=\"yoast-schema-graph\">{\"@context\":\"https:\/\/schema.org\",\"@graph\":[{\"@type\":\"Article\",\"@id\":\"https:\/\/infocrep.cssdm.gouv.qc.ca\/enigma\/2022\/07\/12\/services-de-lorganisation-scolaire\/#article\",\"isPartOf\":{\"@id\":\"https:\/\/infocrep.cssdm.gouv.qc.ca\/enigma\/2022\/07\/12\/services-de-lorganisation-scolaire\/\"},\"author\":{\"name\":\"Anick Gagnon\",\"@id\":\"https:\/\/infocrep.cssdm.gouv.qc.ca\/enigma\/#\/schema\/person\/32d4bef5eff46d173044857c5eb91a93\"},\"headline\":\"Services de l\u2019organisation scolaire\",\"datePublished\":\"2022-07-12T19:05:04+00:00\",\"dateModified\":\"2022-09-09T14:28:17+00:00\",\"mainEntityOfPage\":{\"@id\":\"https:\/\/infocrep.cssdm.gouv.qc.ca\/enigma\/2022\/07\/12\/services-de-lorganisation-scolaire\/\"},\"wordCount\":498,\"publisher\":{\"@id\":\"https:\/\/infocrep.cssdm.gouv.qc.ca\/enigma\/#organization\"},\"articleSection\":[\"L'\u00e9quipe du CREP: vos collaborateurs de premier plan\"],\"inLanguage\":\"fr-FR\"},{\"@type\":\"WebPage\",\"@id\":\"https:\/\/infocrep.cssdm.gouv.qc.ca\/enigma\/2022\/07\/12\/services-de-lorganisation-scolaire\/\",\"url\":\"https:\/\/infocrep.cssdm.gouv.qc.ca\/enigma\/2022\/07\/12\/services-de-lorganisation-scolaire\/\",\"name\":\"Services de l\u2019organisation scolaire - Guide CREP\",\"isPartOf\":{\"@id\":\"https:\/\/infocrep.cssdm.gouv.qc.ca\/enigma\/#website\"},\"datePublished\":\"2022-07-12T19:05:04+00:00\",\"dateModified\":\"2022-09-09T14:28:17+00:00\",\"breadcrumb\":{\"@id\":\"https:\/\/infocrep.cssdm.gouv.qc.ca\/enigma\/2022\/07\/12\/services-de-lorganisation-scolaire\/#breadcrumb\"},\"inLanguage\":\"fr-FR\",\"potentialAction\":[{\"@type\":\"ReadAction\",\"target\":[\"https:\/\/infocrep.cssdm.gouv.qc.ca\/enigma\/2022\/07\/12\/services-de-lorganisation-scolaire\/\"]}]},{\"@type\":\"BreadcrumbList\",\"@id\":\"https:\/\/infocrep.cssdm.gouv.qc.ca\/enigma\/2022\/07\/12\/services-de-lorganisation-scolaire\/#breadcrumb\",\"itemListElement\":[{\"@type\":\"ListItem\",\"position\":1,\"name\":\"Accueil\",\"item\":\"https:\/\/infocrep.cssdm.gouv.qc.ca\/enigma\/\"},{\"@type\":\"ListItem\",\"position\":2,\"name\":\"Services de l\u2019organisation scolaire\"}]},{\"@type\":\"WebSite\",\"@id\":\"https:\/\/infocrep.cssdm.gouv.qc.ca\/enigma\/#website\",\"url\":\"https:\/\/infocrep.cssdm.gouv.qc.ca\/enigma\/\",\"name\":\"Guide CREP\",\"description\":\"Guide du personnel du CREP\",\"publisher\":{\"@id\":\"https:\/\/infocrep.cssdm.gouv.qc.ca\/enigma\/#organization\"},\"potentialAction\":[{\"@type\":\"SearchAction\",\"target\":{\"@type\":\"EntryPoint\",\"urlTemplate\":\"https:\/\/infocrep.cssdm.gouv.qc.ca\/enigma\/?s={search_term_string}\"},\"query-input\":{\"@type\":\"PropertyValueSpecification\",\"valueRequired\":true,\"valueName\":\"search_term_string\"}}],\"inLanguage\":\"fr-FR\"},{\"@type\":\"Organization\",\"@id\":\"https:\/\/infocrep.cssdm.gouv.qc.ca\/enigma\/#organization\",\"name\":\"Guide CREP\",\"url\":\"https:\/\/infocrep.cssdm.gouv.qc.ca\/enigma\/\",\"logo\":{\"@type\":\"ImageObject\",\"inLanguage\":\"fr-FR\",\"@id\":\"https:\/\/infocrep.cssdm.gouv.qc.ca\/enigma\/#\/schema\/logo\/image\/\",\"url\":\"https:\/\/infocrep.cssdm.gouv.qc.ca\/enigma\/wp-content\/uploads\/sites\/5\/2022\/10\/cropped-CREP_logo_BLANC_RGB_L-PETIT.png\",\"contentUrl\":\"https:\/\/infocrep.cssdm.gouv.qc.ca\/enigma\/wp-content\/uploads\/sites\/5\/2022\/10\/cropped-CREP_logo_BLANC_RGB_L-PETIT.png\",\"width\":418,\"height\":148,\"caption\":\"Guide CREP\"},\"image\":{\"@id\":\"https:\/\/infocrep.cssdm.gouv.qc.ca\/enigma\/#\/schema\/logo\/image\/\"}},{\"@type\":\"Person\",\"@id\":\"https:\/\/infocrep.cssdm.gouv.qc.ca\/enigma\/#\/schema\/person\/32d4bef5eff46d173044857c5eb91a93\",\"name\":\"Anick Gagnon\",\"image\":{\"@type\":\"ImageObject\",\"inLanguage\":\"fr-FR\",\"@id\":\"https:\/\/infocrep.cssdm.gouv.qc.ca\/enigma\/#\/schema\/person\/image\/\",\"url\":\"https:\/\/secure.gravatar.com\/avatar\/23d1a1d6fdfb2d73dcd442d99bd7d4eb?s=96&d=mm&r=g\",\"contentUrl\":\"https:\/\/secure.gravatar.com\/avatar\/23d1a1d6fdfb2d73dcd442d99bd7d4eb?s=96&d=mm&r=g\",\"caption\":\"Anick Gagnon\"},\"url\":\"https:\/\/infocrep.cssdm.gouv.qc.ca\/enigma\/author\/gagnon-ani\/\"}]}<\/script>\r\n<!-- \/ Yoast SEO plugin. -->","yoast_head_json":{"title":"Services de l\u2019organisation scolaire - Guide CREP","robots":{"index":"noindex","follow":"follow","max-snippet":"max-snippet:-1","max-image-preview":"max-image-preview:large","max-video-preview":"max-video-preview:-1"},"og_locale":"fr_FR","og_type":"article","og_title":"Services de l\u2019organisation scolaire - Guide CREP","og_description":"Pour toute question, veuillez communiquer avec l\u2019\u00e9quipe de l\u2019organisation scolaire : Mireille Mendo, Technicienne en organisation scolaire crep.os@csdm.qc.ca 514 596-4567 poste 8787 Mandats: S\u2019assurer de la conformit\u00e9 des dossiers d\u2019inscription des \u00e9l\u00e8ves et du&#46;&#46;&#46;","og_url":"https:\/\/infocrep.cssdm.gouv.qc.ca\/enigma\/2022\/07\/12\/services-de-lorganisation-scolaire\/","og_site_name":"Guide CREP","article_published_time":"2022-07-12T19:05:04+00:00","article_modified_time":"2022-09-09T14:28:17+00:00","author":"Anick Gagnon","twitter_card":"summary_large_image","twitter_misc":{"\u00c9crit par":"Anick Gagnon","Dur\u00e9e de lecture estim\u00e9e":"3 minutes"},"schema":{"@context":"https:\/\/schema.org","@graph":[{"@type":"Article","@id":"https:\/\/infocrep.cssdm.gouv.qc.ca\/enigma\/2022\/07\/12\/services-de-lorganisation-scolaire\/#article","isPartOf":{"@id":"https:\/\/infocrep.cssdm.gouv.qc.ca\/enigma\/2022\/07\/12\/services-de-lorganisation-scolaire\/"},"author":{"name":"Anick Gagnon","@id":"https:\/\/infocrep.cssdm.gouv.qc.ca\/enigma\/#\/schema\/person\/32d4bef5eff46d173044857c5eb91a93"},"headline":"Services de l\u2019organisation scolaire","datePublished":"2022-07-12T19:05:04+00:00","dateModified":"2022-09-09T14:28:17+00:00","mainEntityOfPage":{"@id":"https:\/\/infocrep.cssdm.gouv.qc.ca\/enigma\/2022\/07\/12\/services-de-lorganisation-scolaire\/"},"wordCount":498,"publisher":{"@id":"https:\/\/infocrep.cssdm.gouv.qc.ca\/enigma\/#organization"},"articleSection":["L'\u00e9quipe du CREP: vos collaborateurs de premier plan"],"inLanguage":"fr-FR"},{"@type":"WebPage","@id":"https:\/\/infocrep.cssdm.gouv.qc.ca\/enigma\/2022\/07\/12\/services-de-lorganisation-scolaire\/","url":"https:\/\/infocrep.cssdm.gouv.qc.ca\/enigma\/2022\/07\/12\/services-de-lorganisation-scolaire\/","name":"Services de l\u2019organisation scolaire - Guide CREP","isPartOf":{"@id":"https:\/\/infocrep.cssdm.gouv.qc.ca\/enigma\/#website"},"datePublished":"2022-07-12T19:05:04+00:00","dateModified":"2022-09-09T14:28:17+00:00","breadcrumb":{"@id":"https:\/\/infocrep.cssdm.gouv.qc.ca\/enigma\/2022\/07\/12\/services-de-lorganisation-scolaire\/#breadcrumb"},"inLanguage":"fr-FR","potentialAction":[{"@type":"ReadAction","target":["https:\/\/infocrep.cssdm.gouv.qc.ca\/enigma\/2022\/07\/12\/services-de-lorganisation-scolaire\/"]}]},{"@type":"BreadcrumbList","@id":"https:\/\/infocrep.cssdm.gouv.qc.ca\/enigma\/2022\/07\/12\/services-de-lorganisation-scolaire\/#breadcrumb","itemListElement":[{"@type":"ListItem","position":1,"name":"Accueil","item":"https:\/\/infocrep.cssdm.gouv.qc.ca\/enigma\/"},{"@type":"ListItem","position":2,"name":"Services de l\u2019organisation scolaire"}]},{"@type":"WebSite","@id":"https:\/\/infocrep.cssdm.gouv.qc.ca\/enigma\/#website","url":"https:\/\/infocrep.cssdm.gouv.qc.ca\/enigma\/","name":"Guide CREP","description":"Guide du personnel du CREP","publisher":{"@id":"https:\/\/infocrep.cssdm.gouv.qc.ca\/enigma\/#organization"},"potentialAction":[{"@type":"SearchAction","target":{"@type":"EntryPoint","urlTemplate":"https:\/\/infocrep.cssdm.gouv.qc.ca\/enigma\/?s={search_term_string}"},"query-input":{"@type":"PropertyValueSpecification","valueRequired":true,"valueName":"search_term_string"}}],"inLanguage":"fr-FR"},{"@type":"Organization","@id":"https:\/\/infocrep.cssdm.gouv.qc.ca\/enigma\/#organization","name":"Guide CREP","url":"https:\/\/infocrep.cssdm.gouv.qc.ca\/enigma\/","logo":{"@type":"ImageObject","inLanguage":"fr-FR","@id":"https:\/\/infocrep.cssdm.gouv.qc.ca\/enigma\/#\/schema\/logo\/image\/","url":"https:\/\/infocrep.cssdm.gouv.qc.ca\/enigma\/wp-content\/uploads\/sites\/5\/2022\/10\/cropped-CREP_logo_BLANC_RGB_L-PETIT.png","contentUrl":"https:\/\/infocrep.cssdm.gouv.qc.ca\/enigma\/wp-content\/uploads\/sites\/5\/2022\/10\/cropped-CREP_logo_BLANC_RGB_L-PETIT.png","width":418,"height":148,"caption":"Guide CREP"},"image":{"@id":"https:\/\/infocrep.cssdm.gouv.qc.ca\/enigma\/#\/schema\/logo\/image\/"}},{"@type":"Person","@id":"https:\/\/infocrep.cssdm.gouv.qc.ca\/enigma\/#\/schema\/person\/32d4bef5eff46d173044857c5eb91a93","name":"Anick Gagnon","image":{"@type":"ImageObject","inLanguage":"fr-FR","@id":"https:\/\/infocrep.cssdm.gouv.qc.ca\/enigma\/#\/schema\/person\/image\/","url":"https:\/\/secure.gravatar.com\/avatar\/23d1a1d6fdfb2d73dcd442d99bd7d4eb?s=96&d=mm&r=g","contentUrl":"https:\/\/secure.gravatar.com\/avatar\/23d1a1d6fdfb2d73dcd442d99bd7d4eb?s=96&d=mm&r=g","caption":"Anick Gagnon"},"url":"https:\/\/infocrep.cssdm.gouv.qc.ca\/enigma\/author\/gagnon-ani\/"}]}},"_links":{"self":[{"href":"https:\/\/infocrep.cssdm.gouv.qc.ca\/enigma\/wp-json\/wp\/v2\/posts\/1955","targetHints":{"allow":["GET"]}}],"collection":[{"href":"https:\/\/infocrep.cssdm.gouv.qc.ca\/enigma\/wp-json\/wp\/v2\/posts"}],"about":[{"href":"https:\/\/infocrep.cssdm.gouv.qc.ca\/enigma\/wp-json\/wp\/v2\/types\/post"}],"author":[{"embeddable":true,"href":"https:\/\/infocrep.cssdm.gouv.qc.ca\/enigma\/wp-json\/wp\/v2\/users\/2"}],"replies":[{"embeddable":true,"href":"https:\/\/infocrep.cssdm.gouv.qc.ca\/enigma\/wp-json\/wp\/v2\/comments?post=1955"}],"version-history":[{"count":4,"href":"https:\/\/infocrep.cssdm.gouv.qc.ca\/enigma\/wp-json\/wp\/v2\/posts\/1955\/revisions"}],"predecessor-version":[{"id":2129,"href":"https:\/\/infocrep.cssdm.gouv.qc.ca\/enigma\/wp-json\/wp\/v2\/posts\/1955\/revisions\/2129"}],"wp:attachment":[{"href":"https:\/\/infocrep.cssdm.gouv.qc.ca\/enigma\/wp-json\/wp\/v2\/media?parent=1955"}],"wp:term":[{"taxonomy":"category","embeddable":true,"href":"https:\/\/infocrep.cssdm.gouv.qc.ca\/enigma\/wp-json\/wp\/v2\/categories?post=1955"},{"taxonomy":"post_tag","embeddable":true,"href":"https:\/\/infocrep.cssdm.gouv.qc.ca\/enigma\/wp-json\/wp\/v2\/tags?post=1955"}],"curies":[{"name":"wp","href":"https:\/\/api.w.org\/{rel}","templated":true}]}}